{"id":906,"date":"2017-01-13T10:15:31","date_gmt":"2017-01-13T09:15:31","guid":{"rendered":"https:\/\/supportnews.nora-software.de\/?p=906"},"modified":"2017-01-13T10:15:31","modified_gmt":"2017-01-13T09:15:31","slug":"aktuelles-adobe-acrobat-reader-dc-update","status":"publish","type":"post","link":"https:\/\/supportnews.nora-software.de\/?p=906","title":{"rendered":"Aktuelles Adobe Acrobat Reader DC Update"},"content":{"rendered":"<p>In den letzten Tagen wurde ein neues Update vom PDF-Reader ver\u00f6ffentlicht.<\/p>\n<p>Dieses verursacht diverse Ph\u00e4nomene.\u00a0Uns bisher bekannt:<\/p>\n<ul>\n<li>Drucken von PDF Dokumenten ist nicht m\u00f6glich<\/li>\n<li>Speichern von PDFs zur Akte ist nicht m\u00f6glich<\/li>\n<li>\u00d6ffnen von PDFs ist nicht m\u00f6glich<\/li>\n<\/ul>\n<p>Es hilft, die Installation an den betroffenen Arbeitspl\u00e4tzen zu reparieren.<br \/>\nhierzu \u00f6ffnen Sie den Acrobat Reader und klicken auf &#8222;Hilfe&#8220; und anschlie\u00dfend auf &#8222;Installation reparieren&#8220;. <img loading=\"lazy\" decoding=\"async\" class=\"alignleft size-full wp-image-908\" src=\"https:\/\/supportnews.nora-software.de\/wp-content\/uploads\/Acrobar-Reader-reparieren.png\" alt=\"Acrobar Reader reparieren\" width=\"633\" height=\"320\" srcset=\"https:\/\/supportnews.nora-software.de\/wp-content\/uploads\/Acrobar-Reader-reparieren.png 633w, https:\/\/supportnews.nora-software.de\/wp-content\/uploads\/Acrobar-Reader-reparieren-300x151.png 300w, https:\/\/supportnews.nora-software.de\/wp-content\/uploads\/Acrobar-Reader-reparieren-624x315.png 624w\" sizes=\"auto, (max-width: 633px) 100vw, 633px\" \/><\/p>\n<p>Die folgende Abfrage best\u00e4tigen. Nun erfolgt eine kurze Installation und anschlie\u00dfend sollte die Arbeit mit PDF-Dokumenten wieder funktionieren.<img loading=\"lazy\" decoding=\"async\" class=\"alignleft size-full wp-image-907\" src=\"https:\/\/supportnews.nora-software.de\/wp-content\/uploads\/Acrobar-Reader-reparieren-2.png\" alt=\"Acrobar Reader reparieren 2\" width=\"289\" height=\"148\" \/><\/p>\n","protected":false},"excerpt":{"rendered":"<p>In den letzten Tagen wurde ein neues Update vom PDF-Reader ver\u00f6ffentlicht. Dieses verursacht diverse Ph\u00e4nomene.\u00a0Uns bisher bekannt: Drucken von PDF Dokumenten ist nicht m\u00f6glich Speichern von PDFs zur Akte ist nicht m\u00f6glich \u00d6ffnen von PDFs ist nicht m\u00f6glich Es hilft, die Installation an den betroffenen Arbeitspl\u00e4tzen zu reparieren. hierzu \u00f6ffnen Sie den Acrobat Reader und [&hellip;]<\/p>\n","protected":false},"author":2,"featured_media":0,"comment_status":"closed","ping_status":"closed","sticky":false,"template":"","format":"standard","meta":{"footnotes":""},"categories":[1],"tags":[],"class_list":["post-906","post","type-post","status-publish","format-standard","hentry","category-allgemein"],"_links":{"self":[{"href":"https:\/\/supportnews.nora-software.de\/index.php?rest_route=\/wp\/v2\/posts\/906","targetHints":{"allow":["GET"]}}],"collection":[{"href":"https:\/\/supportnews.nora-software.de\/index.php?rest_route=\/wp\/v2\/posts"}],"about":[{"href":"https:\/\/supportnews.nora-software.de\/index.php?rest_route=\/wp\/v2\/types\/post"}],"author":[{"embeddable":true,"href":"https:\/\/supportnews.nora-software.de\/index.php?rest_route=\/wp\/v2\/users\/2"}],"replies":[{"embeddable":true,"href":"https:\/\/supportnews.nora-software.de\/index.php?rest_route=%2Fwp%2Fv2%2Fcomments&post=906"}],"version-history":[{"count":3,"href":"https:\/\/supportnews.nora-software.de\/index.php?rest_route=\/wp\/v2\/posts\/906\/revisions"}],"predecessor-version":[{"id":911,"href":"https:\/\/supportnews.nora-software.de\/index.php?rest_route=\/wp\/v2\/posts\/906\/revisions\/911"}],"wp:attachment":[{"href":"https:\/\/supportnews.nora-software.de\/index.php?rest_route=%2Fwp%2Fv2%2Fmedia&parent=906"}],"wp:term":[{"taxonomy":"category","embeddable":true,"href":"https:\/\/supportnews.nora-software.de\/index.php?rest_route=%2Fwp%2Fv2%2Fcategories&post=906"},{"taxonomy":"post_tag","embeddable":true,"href":"https:\/\/supportnews.nora-software.de\/index.php?rest_route=%2Fwp%2Fv2%2Ftags&post=906"}],"curies":[{"name":"wp","href":"https:\/\/api.w.org\/{rel}","templated":true}]}}