{"id":1202,"date":"2020-03-24T11:45:23","date_gmt":"2020-03-24T10:45:23","guid":{"rendered":"https:\/\/supportnews.nora-software.de\/?p=1202"},"modified":"2020-03-24T11:45:23","modified_gmt":"2020-03-24T10:45:23","slug":"informationen-zu-nora-impulse-2020","status":"publish","type":"post","link":"https:\/\/supportnews.nora-software.de\/?p=1202","title":{"rendered":"Informationen zu NoRA Impulse 2020"},"content":{"rendered":"\n<p>Sehr geehrte <em>NoRA<\/em> Anwenderin,<br>Sehr geehrter <em>NoRA<\/em> Anwender, <\/p>\n\n\n\n<p>wir hoffen, dass Sie alle gesund und gut durch die aktuelle Krise kommen. Wir stehen Ihnen jederzeit gerne mit allen Informationen und L\u00f6sungen f\u00fcr eine sichere Arbeitsumgebung zur Verf\u00fcgung. Dieses w\u00e4re auch ein Teil unseres geplanten Kundentags <em>NoRA<\/em>-Impulse am 13.05.2020 geworden. <\/p>\n\n\n\n<p>Themen\nwie<\/p>\n\n\n\n<ul class=\"wp-block-list\"><li>Telefon und Videokonferenzen<\/li><li>Fernarbeitspl\u00e4tze als M\u00f6glichkeit f\u00fcr die Vereinbarung von Beruf und Familie<\/li><\/ul>\n\n\n\n<p>Die Sicherheit und der Schutz aller MitarbeiterInnen und der eigenen Person stehen bei Ihnen und bei uns zur Zeit klar in Vordergrund. Daher haben auch wir uns entschlossen <strong>den Kundentag <em>NoRA<\/em>-Impulse am 13.05.2020 erst einmal abzusagen<\/strong>. <\/p>\n\n\n\n<p>Wir sind selbstverst\u00e4ndlich f\u00fcr Sie da und informieren Sie gerne \u00fcber M\u00f6glichkeiten, welche technischen M\u00f6glichkeiten Sie aktuell unterst\u00fctzen k\u00f6nnen. Gerne stehen wir Ihnen auch \u00fcber unsere Videokonferenz \u2013 L\u00f6sung \u2013 pers\u00f6nlich- zur Seite. Sie m\u00fcssen nicht auf die gewohnte pers\u00f6nliche Betreuung verzichten. Alle Abteilungen sind vollst\u00e4ndig besetzt und f\u00fcr Sie da. <\/p>\n\n\n\n<p>Sobald wir absehen k\u00f6nnen, wann es m\u00f6glich sein wird, werden wir einen neuen Termin f\u00fcr <em>NoRA<\/em>-Impulse festlegen und Sie informieren. <\/p>\n\n\n\n<p class=\"has-text-align-center\"><strong>Wir w\u00fcnschen Ihnen und Ihrem Team gesund und sicher durch diese Krise zu kommen. <\/strong><\/p>\n","protected":false},"excerpt":{"rendered":"<p>Sehr geehrte NoRA Anwenderin,Sehr geehrter NoRA Anwender, wir hoffen, dass Sie alle gesund und gut durch die aktuelle Krise kommen. Wir stehen Ihnen jederzeit gerne mit allen Informationen und L\u00f6sungen f\u00fcr eine sichere Arbeitsumgebung zur Verf\u00fcgung. Dieses w\u00e4re auch ein Teil unseres geplanten Kundentags NoRA-Impulse am 13.05.2020 geworden. Themen wie Telefon und Videokonferenzen Fernarbeitspl\u00e4tze als [&hellip;]<\/p>\n","protected":false},"author":8,"featured_media":0,"comment_status":"closed","ping_status":"closed","sticky":false,"template":"","format":"standard","meta":{"footnotes":""},"categories":[1],"tags":[],"class_list":["post-1202","post","type-post","status-publish","format-standard","hentry","category-allgemein"],"_links":{"self":[{"href":"https:\/\/supportnews.nora-software.de\/index.php?rest_route=\/wp\/v2\/posts\/1202","targetHints":{"allow":["GET"]}}],"collection":[{"href":"https:\/\/supportnews.nora-software.de\/index.php?rest_route=\/wp\/v2\/posts"}],"about":[{"href":"https:\/\/supportnews.nora-software.de\/index.php?rest_route=\/wp\/v2\/types\/post"}],"author":[{"embeddable":true,"href":"https:\/\/supportnews.nora-software.de\/index.php?rest_route=\/wp\/v2\/users\/8"}],"replies":[{"embeddable":true,"href":"https:\/\/supportnews.nora-software.de\/index.php?rest_route=%2Fwp%2Fv2%2Fcomments&post=1202"}],"version-history":[{"count":3,"href":"https:\/\/supportnews.nora-software.de\/index.php?rest_route=\/wp\/v2\/posts\/1202\/revisions"}],"predecessor-version":[{"id":1205,"href":"https:\/\/supportnews.nora-software.de\/index.php?rest_route=\/wp\/v2\/posts\/1202\/revisions\/1205"}],"wp:attachment":[{"href":"https:\/\/supportnews.nora-software.de\/index.php?rest_route=%2Fwp%2Fv2%2Fmedia&parent=1202"}],"wp:term":[{"taxonomy":"category","embeddable":true,"href":"https:\/\/supportnews.nora-software.de\/index.php?rest_route=%2Fwp%2Fv2%2Fcategories&post=1202"},{"taxonomy":"post_tag","embeddable":true,"href":"https:\/\/supportnews.nora-software.de\/index.php?rest_route=%2Fwp%2Fv2%2Ftags&post=1202"}],"curies":[{"name":"wp","href":"https:\/\/api.w.org\/{rel}","templated":true}]}}