{"id":1053,"date":"2018-12-05T08:13:01","date_gmt":"2018-12-05T07:13:01","guid":{"rendered":"https:\/\/supportnews.nora-software.de\/?p=1053"},"modified":"2019-01-17T09:16:16","modified_gmt":"2019-01-17T08:16:16","slug":"jahreswechsel-2018-2019","status":"publish","type":"post","link":"https:\/\/supportnews.nora-software.de\/?p=1053","title":{"rendered":"Jahreswechsel 2018 \/ 2019"},"content":{"rendered":"<p><strong>Jahreswechsel 2018<\/strong><\/p>\n<p>In diesem Artikel beschreiben wir Ihnen die notwendigen Arbeitsschritte f\u00fcr den Jahreswechsel. Der NoRA Support steht Ihnen gerne zur Unterst\u00fctzung zur Verf\u00fcgung.<\/p>\n<p><strong>Finanzbuchhaltung<\/strong><\/p>\n<p><em>Sachkontener\u00f6ffnung<\/em><br \/>\nAlle Sachkonten werden f\u00fcr das Jahr 2019 automatisch angelegt, sobald im neuen Jahr die Software NoRA bzw. NoRA Advanced gestartet wird. Nicht mehr ben\u00f6tigte Konten (z.B. altes Bankkonto) k\u00f6nnen im Vorfeld gesperrt werden und werden dann beim Jahreswechsel nicht mehr angelegt. Hierdurch reduziert sich Ihr Kontenrahmen und bietet mehr \u00dcbersicht.<\/p>\n<p><em>Sperren von Sachkonten<\/em><br \/>\n\u00d6ffnen Sie die NoRA Finanzbuchhaltung und klicken Sie im oberen Teil auf Systemdienste. W\u00e4hlen Sie den Men\u00fcpunkt \u201eSperren und Freischalten von Sachkonten\u201c aus und danach die Funktion \u201eSperren von Sachkonten\u201c. Geben Sie das zu sperrende Sachkonto ein und den Grund hierf\u00fcr. Das Sachkonto ist nun gesperrt und steht im Jahr 2019 nicht mehr zur Verf\u00fcgung. Voraussetzung ist, dass der Saldo des Kontos auf Null ist. Dieser Schritt ist zwingend im lfd. Jahr 2018 durchzuf\u00fchren.<\/p>\n<p><em>Saldenvortr\u00e4ge f\u00fcr 2019 buchen<\/em><br \/>\nSind alle Buchungen f\u00fcr das Jahr 2018 gebucht und der Jahreswechsel erstellt, \u00f6ffnen Sie die Finanzbuchhaltung mit dem Buchungsdatum 31.12.2018. Klicken Sie nun auf \u201eSystemdienste\u201c und w\u00e4hlen Sie den letzten Punkt \u201eJahreswechsel ins n\u00e4chste Jahr\u201c aus. Im nachfolgenden Fenster w\u00e4hlen Sie nun den Punkt \u201eSaldenvortr\u00e4ge f\u00fcr Jahrgang 19 buchen\u201c aus.<\/p>\n<p><strong>Massen \u2013und Verwahrungskartei<\/strong><\/p>\n<p><em>Abschluss des Massen- und Verwahrungsbuchs<\/em><br \/>\nSobald alle Buchungen und Massen f\u00fcr 2018 vollst\u00e4ndig eingetragen sind, starten Sie das Modul mit dem buchungstechnischen Datum 01.01.2019. Best\u00e4tigen Sie im Anschluss die Meldung zum Jahreswechsel, alle Buchungen werden nun vorgetragen. Bitte beachten Sie, dass ab diesem Zeitpunkt keine Buchung f\u00fcr 2018 und kein nachtr\u00e4glicher Ausdruck mehr m\u00f6glich ist.<\/p>\n<p><strong>\u00c4nderung der Aktennummern<\/strong><\/p>\n<p>Sofern die erste Aktennummer im neuen Jahr nicht bei 01-19 anfangen soll, ist dies durch eine Einstellung innerhalb der NoRA zu \u00e4ndern.<\/p>\n<p><em>Einstellen der Aktennummern<\/em><br \/>\nUm Aktennummernbereiche zu definieren, \u00f6ffnen Sie ab dem 01.01.2019 in den Einstellungen die Vorbelegungen f\u00fcr Akten und klicken Sie auf die Registerkarte \u201eAktennummernbereiche\u201c. Um Bereiche zu definieren, klicken Sie auf \u201eHinzuf\u00fcgen\u201c. Im Feld \u201eVon\u201c tragen Sie Ihre Start Aktennummer ein, das Feld \u201eBis\u201c bleibt leer. Als Startdatum tragen Sie den 01.01.2019 ein. Speichern Sie zum Schluss Ihre Einstellungen mit OK.<strong><img loading=\"lazy\" decoding=\"async\" class=\"aligncenter size-full wp-image-1055\" src=\"https:\/\/supportnews.nora-software.de\/wp-content\/uploads\/Aktennummern.png\" alt=\"\" width=\"681\" height=\"98\" srcset=\"https:\/\/supportnews.nora-software.de\/wp-content\/uploads\/Aktennummern.png 681w, https:\/\/supportnews.nora-software.de\/wp-content\/uploads\/Aktennummern-300x43.png 300w, https:\/\/supportnews.nora-software.de\/wp-content\/uploads\/Aktennummern-624x90.png 624w\" sizes=\"auto, (max-width: 681px) 100vw, 681px\" \/><\/strong><\/p>\n","protected":false},"excerpt":{"rendered":"<p>Jahreswechsel 2018 In diesem Artikel beschreiben wir Ihnen die notwendigen Arbeitsschritte f\u00fcr den Jahreswechsel. Der NoRA Support steht Ihnen gerne zur Unterst\u00fctzung zur Verf\u00fcgung. Finanzbuchhaltung Sachkontener\u00f6ffnung Alle Sachkonten werden f\u00fcr das Jahr 2019 automatisch angelegt, sobald im neuen Jahr die Software NoRA bzw. NoRA Advanced gestartet wird. Nicht mehr ben\u00f6tigte Konten (z.B. altes Bankkonto) k\u00f6nnen [&hellip;]<\/p>\n","protected":false},"author":8,"featured_media":0,"comment_status":"closed","ping_status":"closed","sticky":false,"template":"","format":"standard","meta":{"footnotes":""},"categories":[1],"tags":[],"class_list":["post-1053","post","type-post","status-publish","format-standard","hentry","category-allgemein"],"_links":{"self":[{"href":"https:\/\/supportnews.nora-software.de\/index.php?rest_route=\/wp\/v2\/posts\/1053","targetHints":{"allow":["GET"]}}],"collection":[{"href":"https:\/\/supportnews.nora-software.de\/index.php?rest_route=\/wp\/v2\/posts"}],"about":[{"href":"https:\/\/supportnews.nora-software.de\/index.php?rest_route=\/wp\/v2\/types\/post"}],"author":[{"embeddable":true,"href":"https:\/\/supportnews.nora-software.de\/index.php?rest_route=\/wp\/v2\/users\/8"}],"replies":[{"embeddable":true,"href":"https:\/\/supportnews.nora-software.de\/index.php?rest_route=%2Fwp%2Fv2%2Fcomments&post=1053"}],"version-history":[{"count":3,"href":"https:\/\/supportnews.nora-software.de\/index.php?rest_route=\/wp\/v2\/posts\/1053\/revisions"}],"predecessor-version":[{"id":1073,"href":"https:\/\/supportnews.nora-software.de\/index.php?rest_route=\/wp\/v2\/posts\/1053\/revisions\/1073"}],"wp:attachment":[{"href":"https:\/\/supportnews.nora-software.de\/index.php?rest_route=%2Fwp%2Fv2%2Fmedia&parent=1053"}],"wp:term":[{"taxonomy":"category","embeddable":true,"href":"https:\/\/supportnews.nora-software.de\/index.php?rest_route=%2Fwp%2Fv2%2Fcategories&post=1053"},{"taxonomy":"post_tag","embeddable":true,"href":"https:\/\/supportnews.nora-software.de\/index.php?rest_route=%2Fwp%2Fv2%2Ftags&post=1053"}],"curies":[{"name":"wp","href":"https:\/\/api.w.org\/{rel}","templated":true}]}}